{"id":5977,"date":"2024-09-26T09:00:00","date_gmt":"2024-09-26T09:00:00","guid":{"rendered":"https:\/\/akquaaa.com\/?p=5977"},"modified":"2025-03-17T10:35:05","modified_gmt":"2025-03-17T10:35:05","slug":"celebra-el-dia-mundial-del-turisme","status":"publish","type":"post","link":"https:\/\/akquaaa.com\/ca\/celebra-el-dia-mundial-del-turisme\/","title":{"rendered":"Celebra el Dia Mundial del Turisme"},"content":{"rendered":"\t\t<div data-elementor-type=\"wp-post\" data-elementor-id=\"5977\" class=\"elementor elementor-5977 elementor-5953\" data-elementor-post-type=\"post\">\n\t\t\t\t\t\t<section class=\"elementor-section elementor-top-section elementor-element elementor-element-b4cb98f elementor-section-boxed elementor-section-height-default elementor-section-height-default\" data-id=\"b4cb98f\" data-element_type=\"section\" data-e-type=\"section\">\n\t\t\t\t\t\t<div class=\"elementor-container elementor-column-gap-default\">\n\t\t\t\t\t<div class=\"elementor-column elementor-col-100 elementor-top-column elementor-element elementor-element-eec5fc8\" data-id=\"eec5fc8\" data-element_type=\"column\" data-e-type=\"column\">\n\t\t\t<div class=\"elementor-widget-wrap elementor-element-populated\">\n\t\t\t\t\t\t<div class=\"elementor-element elementor-element-edb169f elementor-widget elementor-widget-spacer\" data-id=\"edb169f\" data-element_type=\"widget\" data-e-type=\"widget\" data-widget_type=\"spacer.default\">\n\t\t\t\t<div class=\"elementor-widget-container\">\n\t\t\t\t\t\t\t<div class=\"elementor-spacer\">\n\t\t\t<div class=\"elementor-spacer-inner\"><\/div>\n\t\t<\/div>\n\t\t\t\t\t\t<\/div>\n\t\t\t\t<\/div>\n\t\t\t\t<div class=\"elementor-element elementor-element-2ef9ee55 elementor-widget elementor-widget-text-editor\" data-id=\"2ef9ee55\" data-element_type=\"widget\" data-e-type=\"widget\" data-widget_type=\"text-editor.default\">\n\t\t\t\t<div class=\"elementor-widget-container\">\n\t\t\t\t\t\t\t\t\t<p>El 27 de setembre de cada any se celebra a tot el m\u00f3n el Dia Mundial del Turisme. Aquesta celebraci\u00f3 mundial \u00e9s una invitaci\u00f3 a descobrir horitzons nous i gaudir d&#8217;experi\u00e8ncies \u00faniques.  <\/p>\n<p>I quina millor manera de celebrar el Dia Mundial del Turisme que amb un viatge revitalitzant a la vora del mar, on la brisa marina i el so de les onades ofereixen un respir del ritme de la vida quotidiana. <\/p>\n<p>El Dia Mundial del Turisme va ser instaurat per l&#8217;Organitzaci\u00f3 Mundial del Turisme el 1980 per conscienciar sobre el paper crucial del turisme en la promoci\u00f3 de la pau i l&#8217;entesa entre les nacions. Aquest esdeveniment anual tamb\u00e9 posa en relleu la necessitat d&#8217;adoptar turisme sostenible perqu\u00e8 les futures generacions puguin gaudir de les meravelles del nostre planeta. <\/p>\n\t\t\t\t\t\t\t\t<\/div>\n\t\t\t\t<\/div>\n\t\t\t\t<div class=\"elementor-element elementor-element-2b4640f elementor-widget elementor-widget-heading\" data-id=\"2b4640f\" data-element_type=\"widget\" data-e-type=\"widget\" data-widget_type=\"heading.default\">\n\t\t\t\t<div class=\"elementor-widget-container\">\n\t\t\t\t\t<h2 class=\"elementor-heading-title elementor-size-default\">Els avantatges d'una escapada al mar<\/h2>\t\t\t\t<\/div>\n\t\t\t\t<\/div>\n\t\t\t\t<div class=\"elementor-element elementor-element-8450653 elementor-widget elementor-widget-text-editor\" data-id=\"8450653\" data-element_type=\"widget\" data-e-type=\"widget\" data-widget_type=\"text-editor.default\">\n\t\t\t\t<div class=\"elementor-widget-container\">\n\t\t\t\t\t\t\t\t\t<p>Passar temps al costat del mar durant el Dia Mundial del Turisme ofereix nombrosos beneficis per al benestar f\u00edsic i mental. L\u00b4oportunitat de relaxar-se en un entorn natural promou la reducci\u00f3 de l\u00b4estr\u00e8s i millora la nostra salut general.  <\/p>\n<p>En un entorn costaner, el turisme sostenible cobra vida a trav\u00e9s d&#8217;activitats com nedar, surfejar, practicar p\u00e0del boarding i explorar la bellesa de la natura mitjan\u00e7ant excursions amb vaixell. <\/p>\n<p>A m\u00e9s, gaudir de caminades per senders costaners permet admirar paisatges marins i descobrir la rica biodiversitat local, tot mentre recolza un enfocament sostenible cap al turisme i la conservaci\u00f3 de l&#8217;entorn natural.<\/p>\n\t\t\t\t\t\t\t\t<\/div>\n\t\t\t\t<\/div>\n\t\t\t\t<div class=\"elementor-element elementor-element-52fdda2 elementor-widget elementor-widget-heading\" data-id=\"52fdda2\" data-element_type=\"widget\" data-e-type=\"widget\" data-widget_type=\"heading.default\">\n\t\t\t\t<div class=\"elementor-widget-container\">\n\t\t\t\t\t<h2 class=\"elementor-heading-title elementor-size-default\">Descobreix Calafell: la destinaci\u00f3 perfecta per al Dia Mundial del Turisme<\/h2>\t\t\t\t<\/div>\n\t\t\t\t<\/div>\n\t\t\t\t<div class=\"elementor-element elementor-element-6d2b964 elementor-widget elementor-widget-text-editor\" data-id=\"6d2b964\" data-element_type=\"widget\" data-e-type=\"widget\" data-widget_type=\"text-editor.default\">\n\t\t\t\t<div class=\"elementor-widget-container\">\n\t\t\t\t\t\t\t\t\t<p>Calafell \u00e9s el lloc perfecte per celebrar el Dia Mundial del Turisme. Situat a la costa mediterr\u00e0nia, aquest encantador poble ofereix un entorn id\u00edl\u00b7lic on relaxar-se i explorar la bellesa natural de la regi\u00f3.  <\/p>\n<p>Les extenses platges de sorra, banyades per les aig\u00fces turqueses del mar, conviden a relaxar-vos i gaudir d&#8217;activitats n\u00e0utiques. Calafell est\u00e0 activament comprom\u00e8s amb el turisme sostenible, oferint iniciatives respectuoses amb el medi ambient que preserven la bellesa natural de la zona.  <\/p>\n<p>Envoltat de paisatges pintorescos, Calafell \u00e9s un veritable parad\u00eds que ofereix moltes oportunitats per descobrir la seva flora i fauna. Tant si voleu gaudir d&#8217;un tranquil passeig per la costa, explorar els senders naturals o submergir-vos en la hist\u00f2ria i la cultura locals, Calafell \u00e9s una destinaci\u00f3 ideal per viure plenament el Dia Mundial del Turisme. <\/p>\n\t\t\t\t\t\t\t\t<\/div>\n\t\t\t\t<\/div>\n\t\t\t\t<div class=\"elementor-element elementor-element-d60fba5 elementor-widget elementor-widget-image\" data-id=\"d60fba5\" data-element_type=\"widget\" data-e-type=\"widget\" data-widget_type=\"image.default\">\n\t\t\t\t<div class=\"elementor-widget-container\">\n\t\t\t\t\t\t\t\t\t\t\t\t\t\t\t<img fetchpriority=\"high\" decoding=\"async\" width=\"1354\" height=\"846\" src=\"https:\/\/akquaaa.com\/wp-content\/uploads\/2024\/09\/Captura-de-Pantalla-2024-08-13-a-las-10.00.58-2.png\" class=\"attachment-full size-full wp-image-5960\" alt=\"\" srcset=\"https:\/\/akquaaa.com\/wp-content\/uploads\/2024\/09\/Captura-de-Pantalla-2024-08-13-a-las-10.00.58-2.png 1354w, https:\/\/akquaaa.com\/wp-content\/uploads\/2024\/09\/Captura-de-Pantalla-2024-08-13-a-las-10.00.58-2-300x187.png 300w, https:\/\/akquaaa.com\/wp-content\/uploads\/2024\/09\/Captura-de-Pantalla-2024-08-13-a-las-10.00.58-2-1024x640.png 1024w, https:\/\/akquaaa.com\/wp-content\/uploads\/2024\/09\/Captura-de-Pantalla-2024-08-13-a-las-10.00.58-2-768x480.png 768w\" sizes=\"(max-width: 1354px) 100vw, 1354px\" \/>\t\t\t\t\t\t\t\t\t\t\t\t\t\t\t<\/div>\n\t\t\t\t<\/div>\n\t\t\t\t<div class=\"elementor-element elementor-element-3c34b1e elementor-widget elementor-widget-heading\" data-id=\"3c34b1e\" data-element_type=\"widget\" data-e-type=\"widget\" data-widget_type=\"heading.default\">\n\t\t\t\t<div class=\"elementor-widget-container\">\n\t\t\t\t\t<h2 class=\"elementor-heading-title elementor-size-default\">Per qu\u00e8 escollir el nostre hotel?<\/h2>\t\t\t\t<\/div>\n\t\t\t\t<\/div>\n\t\t\t\t<div class=\"elementor-element elementor-element-9edadb9 elementor-widget elementor-widget-text-editor\" data-id=\"9edadb9\" data-element_type=\"widget\" data-e-type=\"widget\" data-widget_type=\"text-editor.default\">\n\t\t\t\t<div class=\"elementor-widget-container\">\n\t\t\t\t\t\t\t\t\t<p>El nostre hotel es troba en una ubicaci\u00f3 ideal, a poca dist\u00e0ncia a peu del mar i envoltat d&#8217;impressionants atraccions tur\u00edstiques. Gaudiu d&#8217;un acc\u00e9s f\u00e0cil a platges de somni i exploreu la bellesa de la natura circumdant.  <\/p>\n<p>A m\u00e9s, oferim una \u00e0mplia gamma de serveis per garantir una experi\u00e8ncia inoblidable. Relaxeu-vos a les nostres habitacions amb vistes al mar, gaudiu de les cristal\u00b7lines aig\u00fces del mar i delecteu el vostre paladar als nostres restaurants de primera classe. <\/p>\n\t\t\t\t\t\t\t\t<\/div>\n\t\t\t\t<\/div>\n\t\t\t\t<div class=\"elementor-element elementor-element-2b1674b elementor-widget elementor-widget-image\" data-id=\"2b1674b\" data-element_type=\"widget\" data-e-type=\"widget\" data-widget_type=\"image.default\">\n\t\t\t\t<div class=\"elementor-widget-container\">\n\t\t\t\t\t\t\t\t\t\t\t\t\t\t\t<img decoding=\"async\" width=\"2560\" height=\"1703\" src=\"https:\/\/akquaaa.com\/wp-content\/uploads\/2024\/09\/AKQUAAA-2-scaled-2.jpg\" class=\"attachment-full size-full wp-image-5964\" alt=\"\" srcset=\"https:\/\/akquaaa.com\/wp-content\/uploads\/2024\/09\/AKQUAAA-2-scaled-2.jpg 2560w, https:\/\/akquaaa.com\/wp-content\/uploads\/2024\/09\/AKQUAAA-2-scaled-2-300x200.jpg 300w, https:\/\/akquaaa.com\/wp-content\/uploads\/2024\/09\/AKQUAAA-2-scaled-2-1024x681.jpg 1024w, https:\/\/akquaaa.com\/wp-content\/uploads\/2024\/09\/AKQUAAA-2-scaled-2-768x511.jpg 768w, https:\/\/akquaaa.com\/wp-content\/uploads\/2024\/09\/AKQUAAA-2-scaled-2-1536x1022.jpg 1536w, https:\/\/akquaaa.com\/wp-content\/uploads\/2024\/09\/AKQUAAA-2-scaled-2-2048x1362.jpg 2048w\" sizes=\"(max-width: 2560px) 100vw, 2560px\" \/>\t\t\t\t\t\t\t\t\t\t\t\t\t\t\t<\/div>\n\t\t\t\t<\/div>\n\t\t\t\t<div class=\"elementor-element elementor-element-82b712a elementor-widget elementor-widget-text-editor\" data-id=\"82b712a\" data-element_type=\"widget\" data-e-type=\"widget\" data-widget_type=\"text-editor.default\">\n\t\t\t\t<div class=\"elementor-widget-container\">\n\t\t\t\t\t\t\t\t\t<p style=\"text-align: center;\">Podeu reservar directament des <a href=\"https:\/\/engine.prod.witbooking.com\/hotel\/akquaaa\">d&#8217;aqu\u00ed<\/a>. <\/p>\n\t\t\t\t\t\t\t\t<\/div>\n\t\t\t\t<\/div>\n\t\t\t\t<div class=\"elementor-element elementor-element-6531329 elementor-widget elementor-widget-heading\" data-id=\"6531329\" data-element_type=\"widget\" data-e-type=\"widget\" data-widget_type=\"heading.default\">\n\t\t\t\t<div class=\"elementor-widget-container\">\n\t\t\t\t\t<h2 class=\"elementor-heading-title elementor-size-default\">Activitats proposades per celebrar el Dia Mundial del Turisme<\/h2>\t\t\t\t<\/div>\n\t\t\t\t<\/div>\n\t\t\t\t<div class=\"elementor-element elementor-element-df87ab8 elementor-widget elementor-widget-text-editor\" data-id=\"df87ab8\" data-element_type=\"widget\" data-e-type=\"widget\" data-widget_type=\"text-editor.default\">\n\t\t\t\t<div class=\"elementor-widget-container\">\n\t\t\t\t\t\t\t\t\t<p>Per celebrar el Dia Mundial del Turisme, als voltants del nostre hotel hi ha una gran varietat d\u00b4emocionants activitats que ressalten la bellesa del nostre entorn i promouen el turisme sostenible. <\/p>\n\t\t\t\t\t\t\t\t<\/div>\n\t\t\t\t<\/div>\n\t\t\t\t<div class=\"elementor-element elementor-element-c40d830 elementor-widget elementor-widget-text-editor\" data-id=\"c40d830\" data-element_type=\"widget\" data-e-type=\"widget\" data-widget_type=\"text-editor.default\">\n\t\t\t\t<div class=\"elementor-widget-container\">\n\t\t\t\t\t\t\t\t\t<ul>\n<li><strong>Excursions locals<\/strong>: et recomanem participar en excursions per la zona, incloent passejades amb vaixell per explorar el mar i visites culturals per descobrir la rica hist\u00f2ria i naturalesa de la regi\u00f3. <\/li>\n<\/ul>\n<ul>\n<li><strong>Kayak y Paddle Surf<\/strong>: Per als que vulguin combinar aventura i exercici, s&#8217;ofereixen activitats de caiac i p\u00e0del surf. Remar a les aig\u00fces tranquil\u00b7les del mar \u00e9s una forma meravellosa de relaxar-se mentre se submergeix en la bellesa de l&#8217;entorn natural. <\/li>\n<\/ul>\n<ul>\n<li><strong>Fotografia de natura<\/strong>: Per als entusiastes de la fotografia, esperem que us sentiu inspirats per capturar la bellesa del mar i la costa, aix\u00ed com la vida salvatge i els moments \u00fanics de l&#8217;entorn natural. Una estada al nostre hotel \u00e9s el moment perfecte per desenvolupar les teves habilitats fotogr\u00e0fiques mentre explores llocs pintorescos i experimentes una connexi\u00f3 especial amb la natura. <\/li>\n<\/ul>\n<ul>\n<li><strong>Ioga i meditaci\u00f3 a la platja<\/strong>: Comen\u00e7a el dia en pau i tranquil\u00b7litat amb sessions de ioga i meditaci\u00f3 amb vista al mar per relaxar-te. Escoltar les onades i sentir la brisa marina mentre es practica ioga a la platja \u00e9s una experi\u00e8ncia revitalitzant i relaxant que ajuda a reduir l&#8217;estr\u00e8s i millorar el benestar general. <\/li>\n<\/ul>\n\t\t\t\t\t\t\t\t<\/div>\n\t\t\t\t<\/div>\n\t\t\t\t<div class=\"elementor-element elementor-element-a82bc1c elementor-widget elementor-widget-image\" data-id=\"a82bc1c\" data-element_type=\"widget\" data-e-type=\"widget\" data-widget_type=\"image.default\">\n\t\t\t\t<div class=\"elementor-widget-container\">\n\t\t\t\t\t\t\t\t\t\t\t\t\t\t\t<img decoding=\"async\" width=\"1260\" height=\"708\" src=\"https:\/\/akquaaa.com\/wp-content\/uploads\/2024\/09\/Captura-de-Pantalla-2024-08-13-a-las-10.32.46-2.png\" class=\"attachment-full size-full wp-image-5956\" alt=\"\" srcset=\"https:\/\/akquaaa.com\/wp-content\/uploads\/2024\/09\/Captura-de-Pantalla-2024-08-13-a-las-10.32.46-2.png 1260w, https:\/\/akquaaa.com\/wp-content\/uploads\/2024\/09\/Captura-de-Pantalla-2024-08-13-a-las-10.32.46-2-300x169.png 300w, https:\/\/akquaaa.com\/wp-content\/uploads\/2024\/09\/Captura-de-Pantalla-2024-08-13-a-las-10.32.46-2-1024x575.png 1024w, https:\/\/akquaaa.com\/wp-content\/uploads\/2024\/09\/Captura-de-Pantalla-2024-08-13-a-las-10.32.46-2-768x432.png 768w\" sizes=\"(max-width: 1260px) 100vw, 1260px\" \/>\t\t\t\t\t\t\t\t\t\t\t\t\t\t\t<\/div>\n\t\t\t\t<\/div>\n\t\t\t\t<div class=\"elementor-element elementor-element-88e8f01 elementor-widget elementor-widget-text-editor\" data-id=\"88e8f01\" data-element_type=\"widget\" data-e-type=\"widget\" data-widget_type=\"text-editor.default\">\n\t\t\t\t<div class=\"elementor-widget-container\">\n\t\t\t\t\t\t\t\t\t<ul>\n<li><strong>Calafell slide<\/strong>: A la serra d&#8217;Escarnosa, davant del nucli antic de Calafell, trobareu un tobogan gegant d&#8217;estiu de m\u00e9s de 700 metres de longitud. Aquesta activitat \u00e9s perfecta per als amants de l&#8217;acci\u00f3, l&#8217;adrenalina i la diversi\u00f3 alhora. El tobogan de Calafell tamb\u00e9 disposa d&#8217;una terrassa amb belles vistes dels voltants i un bar on podeu gaudir de begudes fredes i tapes i on podr\u00e0s relaxar-te. \u00c9s sens dubte el lloc ideal per passar el Dia Mundial del Turisme en fam\u00edlia, amb amics o en grup.   <\/li>\n<\/ul>\n\t\t\t\t\t\t\t\t<\/div>\n\t\t\t\t<\/div>\n\t\t\t\t<div class=\"elementor-element elementor-element-3aa3cb6 elementor-widget elementor-widget-text-editor\" data-id=\"3aa3cb6\" data-element_type=\"widget\" data-e-type=\"widget\" data-widget_type=\"text-editor.default\">\n\t\t\t\t<div class=\"elementor-widget-container\">\n\t\t\t\t\t\t\t\t\t<p style=\"text-align: center;\">Calafell us convida a descobrir la seva natura m\u00e9s bonica i la seva rica cultura !<\/p>\n\t\t\t\t\t\t\t\t<\/div>\n\t\t\t\t<\/div>\n\t\t\t\t<div class=\"elementor-element elementor-element-efe6574 elementor-widget elementor-widget-spacer\" data-id=\"efe6574\" data-element_type=\"widget\" data-e-type=\"widget\" data-widget_type=\"spacer.default\">\n\t\t\t\t<div class=\"elementor-widget-container\">\n\t\t\t\t\t\t\t<div class=\"elementor-spacer\">\n\t\t\t<div class=\"elementor-spacer-inner\"><\/div>\n\t\t<\/div>\n\t\t\t\t\t\t<\/div>\n\t\t\t\t<\/div>\n\t\t\t\t\t<\/div>\n\t\t<\/div>\n\t\t\t\t\t<\/div>\n\t\t<\/section>\n\t\t\t\t<section class=\"elementor-section elementor-top-section elementor-element elementor-element-2c55a1f elementor-section-boxed elementor-section-height-default elementor-section-height-default\" data-id=\"2c55a1f\" data-element_type=\"section\" data-e-type=\"section\">\n\t\t\t\t\t\t<div class=\"elementor-container elementor-column-gap-default\">\n\t\t\t\t\t<div class=\"elementor-column elementor-col-100 elementor-top-column elementor-element elementor-element-202367f\" data-id=\"202367f\" data-element_type=\"column\" data-e-type=\"column\">\n\t\t\t<div class=\"elementor-widget-wrap elementor-element-populated\">\n\t\t\t\t\t\t<div class=\"elementor-element elementor-element-84d2121 elementor-widget elementor-widget-text-editor\" data-id=\"84d2121\" data-element_type=\"widget\" data-e-type=\"widget\" data-widget_type=\"text-editor.default\">\n\t\t\t\t<div class=\"elementor-widget-container\">\n\t\t\t\t\t\t\t\t\t<p style=\"text-align: center;\"><span style=\"font-size: 1rem;\">No dubtis a contactar amb nosaltres! <\/span> <b style=\"font-size: 1rem;\">Hotel Boutique Akquaaa<\/b> <span style=\"font-size: 1rem;\">i les seves instal\u00b7lacions en primera l\u00ednia de mar.<\/span> <\/p>\n<p><span style=\"font-size: 1rem;\">Entra en l&#8217;apartat de reserves de la web i no et quedis sense la teva habitaci\u00f3 de somni<\/span> <a style=\"background-color: #ffffff; font-size: 1rem;\" href=\"http:\/\/www.akquaaa.com\">www.akquaaa.com<\/a><\/p>\n\t\t\t\t\t\t\t\t<\/div>\n\t\t\t\t<\/div>\n\t\t\t\t<div class=\"elementor-element elementor-element-7b7333f elementor-widget elementor-widget-heading\" data-id=\"7b7333f\" data-element_type=\"widget\" data-e-type=\"widget\" data-widget_type=\"heading.default\">\n\t\t\t\t<div class=\"elementor-widget-container\">\n\t\t\t\t\t<h2 class=\"elementor-heading-title elementor-size-default\">Viu-lo de primera m\u00e0 a Hotel Boutique Akquaaa<\/h2>\t\t\t\t<\/div>\n\t\t\t\t<\/div>\n\t\t\t\t<div class=\"elementor-element elementor-element-01f5a66 elementor-align-center elementor-widget elementor-widget-button\" data-id=\"01f5a66\" data-element_type=\"widget\" data-e-type=\"widget\" data-widget_type=\"button.default\">\n\t\t\t\t<div class=\"elementor-widget-container\">\n\t\t\t\t\t\t\t\t\t<div class=\"elementor-button-wrapper\">\n\t\t\t\t\t<a class=\"elementor-button elementor-button-link elementor-size-sm\" href=\"https:\/\/engine.witbooking.com\/hotelkursaalcalafell.com\/availability\">\n\t\t\t\t\t\t<span class=\"elementor-button-content-wrapper\">\n\t\t\t\t\t\t\t\t\t<span class=\"elementor-button-text\">Reservar Habitaci\u00f3<\/span>\n\t\t\t\t\t<\/span>\n\t\t\t\t\t<\/a>\n\t\t\t\t<\/div>\n\t\t\t\t\t\t\t\t<\/div>\n\t\t\t\t<\/div>\n\t\t\t\t\t<\/div>\n\t\t<\/div>\n\t\t\t\t\t<\/div>\n\t\t<\/section>\n\t\t\t\t<\/div>\n\t\t","protected":false},"excerpt":{"rendered":"<p>El 27 de setembre de cada any se celebra a tot el m\u00f3n el Dia Mundial del Turisme. Aquesta celebraci\u00f3 mundial \u00e9s una invitaci\u00f3 a descobrir horitzons nous i gaudir d&#8217;experi\u00e8ncies \u00faniques. I quina millor manera de celebrar el Dia Mundial del Turisme que amb un viatge revitalitzant a la vora del mar, on la [&hellip;]<\/p>\n","protected":false},"author":1,"featured_media":5960,"comment_status":"open","ping_status":"closed","sticky":false,"template":"","format":"standard","meta":{"footnotes":""},"categories":[20],"tags":[],"class_list":["post-5977","post","type-post","status-publish","format-standard","has-post-thumbnail","hentry","category-uncategorized-ca"],"yoast_head":"<!-- This site is optimized with the Yoast SEO plugin v27.4 - https:\/\/yoast.com\/product\/yoast-seo-wordpress\/ -->\n<title>Celebra el Dia Mundial del Turisme<\/title>\n<meta name=\"description\" content=\"El 27 de setembre de cada any se celebra a tot el m\u00f3n el Dia Mundial del Turisme ia Akquaaa ens encanta celebrar-ho.\" \/>\n<meta name=\"robots\" content=\"index, follow, max-snippet:-1, max-image-preview:large, max-video-preview:-1\" \/>\n<link rel=\"canonical\" href=\"https:\/\/akquaaa.com\/ca\/celebra-el-dia-mundial-del-turisme\/\" \/>\n<meta property=\"og:locale\" content=\"ca_ES\" \/>\n<meta property=\"og:type\" content=\"article\" \/>\n<meta property=\"og:title\" content=\"Celebra el Dia Mundial del Turisme\" \/>\n<meta property=\"og:description\" content=\"El 27 de setembre de cada any se celebra a tot el m\u00f3n el Dia Mundial del Turisme ia Akquaaa ens encanta celebrar-ho.\" \/>\n<meta property=\"og:url\" content=\"https:\/\/akquaaa.com\/ca\/celebra-el-dia-mundial-del-turisme\/\" \/>\n<meta property=\"og:site_name\" content=\"Akquaaa\" \/>\n<meta property=\"article:published_time\" content=\"2024-09-26T09:00:00+00:00\" \/>\n<meta property=\"article:modified_time\" content=\"2025-03-17T10:35:05+00:00\" \/>\n<meta property=\"og:image\" content=\"https:\/\/akquaaa.com\/wp-content\/uploads\/2024\/09\/Captura-de-Pantalla-2024-08-13-a-las-10.00.58-2-1024x640.png\" \/>\n\t<meta property=\"og:image:width\" content=\"1024\" \/>\n\t<meta property=\"og:image:height\" content=\"640\" \/>\n\t<meta property=\"og:image:type\" content=\"image\/png\" \/>\n<meta name=\"author\" content=\"admin\" \/>\n<meta name=\"twitter:card\" content=\"summary_large_image\" \/>\n<meta name=\"twitter:label1\" content=\"Escrit per\" \/>\n\t<meta name=\"twitter:data1\" content=\"admin\" \/>\n\t<meta name=\"twitter:label2\" content=\"Temps estimat de lectura\" \/>\n\t<meta name=\"twitter:data2\" content=\"6 minuts\" \/>\n<script type=\"application\/ld+json\" class=\"yoast-schema-graph\">{\"@context\":\"https:\\\/\\\/schema.org\",\"@graph\":[{\"@type\":\"Article\",\"@id\":\"https:\\\/\\\/akquaaa.com\\\/ca\\\/celebra-el-dia-mundial-del-turisme\\\/#article\",\"isPartOf\":{\"@id\":\"https:\\\/\\\/akquaaa.com\\\/ca\\\/celebra-el-dia-mundial-del-turisme\\\/\"},\"author\":{\"name\":\"admin\",\"@id\":\"https:\\\/\\\/akquaaa.com\\\/#\\\/schema\\\/person\\\/d1930c8d132da3fe4b19d595060faab2\"},\"headline\":\"Celebra el Dia Mundial del Turisme\",\"datePublished\":\"2024-09-26T09:00:00+00:00\",\"dateModified\":\"2025-03-17T10:35:05+00:00\",\"mainEntityOfPage\":{\"@id\":\"https:\\\/\\\/akquaaa.com\\\/ca\\\/celebra-el-dia-mundial-del-turisme\\\/\"},\"wordCount\":915,\"commentCount\":0,\"publisher\":{\"@id\":\"https:\\\/\\\/akquaaa.com\\\/#organization\"},\"image\":{\"@id\":\"https:\\\/\\\/akquaaa.com\\\/ca\\\/celebra-el-dia-mundial-del-turisme\\\/#primaryimage\"},\"thumbnailUrl\":\"https:\\\/\\\/akquaaa.com\\\/wp-content\\\/uploads\\\/2024\\\/09\\\/Captura-de-Pantalla-2024-08-13-a-las-10.00.58-2.png\",\"articleSection\":[\"Uncategorized @ca\"],\"inLanguage\":\"ca\",\"potentialAction\":[{\"@type\":\"CommentAction\",\"name\":\"Comment\",\"target\":[\"https:\\\/\\\/akquaaa.com\\\/ca\\\/celebra-el-dia-mundial-del-turisme\\\/#respond\"]}]},{\"@type\":\"WebPage\",\"@id\":\"https:\\\/\\\/akquaaa.com\\\/ca\\\/celebra-el-dia-mundial-del-turisme\\\/\",\"url\":\"https:\\\/\\\/akquaaa.com\\\/ca\\\/celebra-el-dia-mundial-del-turisme\\\/\",\"name\":\"Celebra el Dia Mundial del Turisme\",\"isPartOf\":{\"@id\":\"https:\\\/\\\/akquaaa.com\\\/#website\"},\"primaryImageOfPage\":{\"@id\":\"https:\\\/\\\/akquaaa.com\\\/ca\\\/celebra-el-dia-mundial-del-turisme\\\/#primaryimage\"},\"image\":{\"@id\":\"https:\\\/\\\/akquaaa.com\\\/ca\\\/celebra-el-dia-mundial-del-turisme\\\/#primaryimage\"},\"thumbnailUrl\":\"https:\\\/\\\/akquaaa.com\\\/wp-content\\\/uploads\\\/2024\\\/09\\\/Captura-de-Pantalla-2024-08-13-a-las-10.00.58-2.png\",\"datePublished\":\"2024-09-26T09:00:00+00:00\",\"dateModified\":\"2025-03-17T10:35:05+00:00\",\"description\":\"El 27 de setembre de cada any se celebra a tot el m\u00f3n el Dia Mundial del Turisme ia Akquaaa ens encanta celebrar-ho.\",\"breadcrumb\":{\"@id\":\"https:\\\/\\\/akquaaa.com\\\/ca\\\/celebra-el-dia-mundial-del-turisme\\\/#breadcrumb\"},\"inLanguage\":\"ca\",\"potentialAction\":[{\"@type\":\"ReadAction\",\"target\":[\"https:\\\/\\\/akquaaa.com\\\/ca\\\/celebra-el-dia-mundial-del-turisme\\\/\"]}]},{\"@type\":\"ImageObject\",\"inLanguage\":\"ca\",\"@id\":\"https:\\\/\\\/akquaaa.com\\\/ca\\\/celebra-el-dia-mundial-del-turisme\\\/#primaryimage\",\"url\":\"https:\\\/\\\/akquaaa.com\\\/wp-content\\\/uploads\\\/2024\\\/09\\\/Captura-de-Pantalla-2024-08-13-a-las-10.00.58-2.png\",\"contentUrl\":\"https:\\\/\\\/akquaaa.com\\\/wp-content\\\/uploads\\\/2024\\\/09\\\/Captura-de-Pantalla-2024-08-13-a-las-10.00.58-2.png\",\"width\":1354,\"height\":846},{\"@type\":\"BreadcrumbList\",\"@id\":\"https:\\\/\\\/akquaaa.com\\\/ca\\\/celebra-el-dia-mundial-del-turisme\\\/#breadcrumb\",\"itemListElement\":[{\"@type\":\"ListItem\",\"position\":1,\"name\":\"Portada\",\"item\":\"https:\\\/\\\/akquaaa.com\\\/ca\\\/hotel-akquaaa\\\/\"},{\"@type\":\"ListItem\",\"position\":2,\"name\":\"Celebra el Dia Mundial del Turisme\"}]},{\"@type\":\"WebSite\",\"@id\":\"https:\\\/\\\/akquaaa.com\\\/#website\",\"url\":\"https:\\\/\\\/akquaaa.com\\\/\",\"name\":\"Hotel Akquaaa\",\"description\":\"\",\"publisher\":{\"@id\":\"https:\\\/\\\/akquaaa.com\\\/#organization\"},\"potentialAction\":[{\"@type\":\"SearchAction\",\"target\":{\"@type\":\"EntryPoint\",\"urlTemplate\":\"https:\\\/\\\/akquaaa.com\\\/?s={search_term_string}\"},\"query-input\":{\"@type\":\"PropertyValueSpecification\",\"valueRequired\":true,\"valueName\":\"search_term_string\"}}],\"inLanguage\":\"ca\"},{\"@type\":\"Organization\",\"@id\":\"https:\\\/\\\/akquaaa.com\\\/#organization\",\"name\":\"Hotel Akquaaa\",\"url\":\"https:\\\/\\\/akquaaa.com\\\/\",\"logo\":{\"@type\":\"ImageObject\",\"inLanguage\":\"ca\",\"@id\":\"https:\\\/\\\/akquaaa.com\\\/#\\\/schema\\\/logo\\\/image\\\/\",\"url\":\"https:\\\/\\\/akquaaa.com\\\/wp-content\\\/uploads\\\/2025\\\/01\\\/LOHO-HOTEL-NEGRO.png\",\"contentUrl\":\"https:\\\/\\\/akquaaa.com\\\/wp-content\\\/uploads\\\/2025\\\/01\\\/LOHO-HOTEL-NEGRO.png\",\"width\":4000,\"height\":1016,\"caption\":\"Hotel Akquaaa\"},\"image\":{\"@id\":\"https:\\\/\\\/akquaaa.com\\\/#\\\/schema\\\/logo\\\/image\\\/\"}},{\"@type\":\"Person\",\"@id\":\"https:\\\/\\\/akquaaa.com\\\/#\\\/schema\\\/person\\\/d1930c8d132da3fe4b19d595060faab2\",\"name\":\"admin\",\"image\":{\"@type\":\"ImageObject\",\"inLanguage\":\"ca\",\"@id\":\"https:\\\/\\\/secure.gravatar.com\\\/avatar\\\/39b6f2bee72abd847a5feb3bf46900a793f8042f2a0e49b4c2749e2438d46e16?s=96&d=mm&r=g\",\"url\":\"https:\\\/\\\/secure.gravatar.com\\\/avatar\\\/39b6f2bee72abd847a5feb3bf46900a793f8042f2a0e49b4c2749e2438d46e16?s=96&d=mm&r=g\",\"contentUrl\":\"https:\\\/\\\/secure.gravatar.com\\\/avatar\\\/39b6f2bee72abd847a5feb3bf46900a793f8042f2a0e49b4c2749e2438d46e16?s=96&d=mm&r=g\",\"caption\":\"admin\"},\"sameAs\":[\"http:\\\/\\\/akquaaa.com\"],\"url\":\"https:\\\/\\\/akquaaa.com\\\/ca\\\/author\\\/marta\\\/\"}]}<\/script>\n<!-- \/ Yoast SEO plugin. -->","yoast_head_json":{"title":"Celebra el Dia Mundial del Turisme","description":"El 27 de setembre de cada any se celebra a tot el m\u00f3n el Dia Mundial del Turisme ia Akquaaa ens encanta celebrar-ho.","robots":{"index":"index","follow":"follow","max-snippet":"max-snippet:-1","max-image-preview":"max-image-preview:large","max-video-preview":"max-video-preview:-1"},"canonical":"https:\/\/akquaaa.com\/ca\/celebra-el-dia-mundial-del-turisme\/","og_locale":"ca_ES","og_type":"article","og_title":"Celebra el Dia Mundial del Turisme","og_description":"El 27 de setembre de cada any se celebra a tot el m\u00f3n el Dia Mundial del Turisme ia Akquaaa ens encanta celebrar-ho.","og_url":"https:\/\/akquaaa.com\/ca\/celebra-el-dia-mundial-del-turisme\/","og_site_name":"Akquaaa","article_published_time":"2024-09-26T09:00:00+00:00","article_modified_time":"2025-03-17T10:35:05+00:00","og_image":[{"width":1024,"height":640,"url":"https:\/\/akquaaa.com\/wp-content\/uploads\/2024\/09\/Captura-de-Pantalla-2024-08-13-a-las-10.00.58-2-1024x640.png","type":"image\/png"}],"author":"admin","twitter_card":"summary_large_image","twitter_misc":{"Escrit per":"admin","Temps estimat de lectura":"6 minuts"},"schema":{"@context":"https:\/\/schema.org","@graph":[{"@type":"Article","@id":"https:\/\/akquaaa.com\/ca\/celebra-el-dia-mundial-del-turisme\/#article","isPartOf":{"@id":"https:\/\/akquaaa.com\/ca\/celebra-el-dia-mundial-del-turisme\/"},"author":{"name":"admin","@id":"https:\/\/akquaaa.com\/#\/schema\/person\/d1930c8d132da3fe4b19d595060faab2"},"headline":"Celebra el Dia Mundial del Turisme","datePublished":"2024-09-26T09:00:00+00:00","dateModified":"2025-03-17T10:35:05+00:00","mainEntityOfPage":{"@id":"https:\/\/akquaaa.com\/ca\/celebra-el-dia-mundial-del-turisme\/"},"wordCount":915,"commentCount":0,"publisher":{"@id":"https:\/\/akquaaa.com\/#organization"},"image":{"@id":"https:\/\/akquaaa.com\/ca\/celebra-el-dia-mundial-del-turisme\/#primaryimage"},"thumbnailUrl":"https:\/\/akquaaa.com\/wp-content\/uploads\/2024\/09\/Captura-de-Pantalla-2024-08-13-a-las-10.00.58-2.png","articleSection":["Uncategorized @ca"],"inLanguage":"ca","potentialAction":[{"@type":"CommentAction","name":"Comment","target":["https:\/\/akquaaa.com\/ca\/celebra-el-dia-mundial-del-turisme\/#respond"]}]},{"@type":"WebPage","@id":"https:\/\/akquaaa.com\/ca\/celebra-el-dia-mundial-del-turisme\/","url":"https:\/\/akquaaa.com\/ca\/celebra-el-dia-mundial-del-turisme\/","name":"Celebra el Dia Mundial del Turisme","isPartOf":{"@id":"https:\/\/akquaaa.com\/#website"},"primaryImageOfPage":{"@id":"https:\/\/akquaaa.com\/ca\/celebra-el-dia-mundial-del-turisme\/#primaryimage"},"image":{"@id":"https:\/\/akquaaa.com\/ca\/celebra-el-dia-mundial-del-turisme\/#primaryimage"},"thumbnailUrl":"https:\/\/akquaaa.com\/wp-content\/uploads\/2024\/09\/Captura-de-Pantalla-2024-08-13-a-las-10.00.58-2.png","datePublished":"2024-09-26T09:00:00+00:00","dateModified":"2025-03-17T10:35:05+00:00","description":"El 27 de setembre de cada any se celebra a tot el m\u00f3n el Dia Mundial del Turisme ia Akquaaa ens encanta celebrar-ho.","breadcrumb":{"@id":"https:\/\/akquaaa.com\/ca\/celebra-el-dia-mundial-del-turisme\/#breadcrumb"},"inLanguage":"ca","potentialAction":[{"@type":"ReadAction","target":["https:\/\/akquaaa.com\/ca\/celebra-el-dia-mundial-del-turisme\/"]}]},{"@type":"ImageObject","inLanguage":"ca","@id":"https:\/\/akquaaa.com\/ca\/celebra-el-dia-mundial-del-turisme\/#primaryimage","url":"https:\/\/akquaaa.com\/wp-content\/uploads\/2024\/09\/Captura-de-Pantalla-2024-08-13-a-las-10.00.58-2.png","contentUrl":"https:\/\/akquaaa.com\/wp-content\/uploads\/2024\/09\/Captura-de-Pantalla-2024-08-13-a-las-10.00.58-2.png","width":1354,"height":846},{"@type":"BreadcrumbList","@id":"https:\/\/akquaaa.com\/ca\/celebra-el-dia-mundial-del-turisme\/#breadcrumb","itemListElement":[{"@type":"ListItem","position":1,"name":"Portada","item":"https:\/\/akquaaa.com\/ca\/hotel-akquaaa\/"},{"@type":"ListItem","position":2,"name":"Celebra el Dia Mundial del Turisme"}]},{"@type":"WebSite","@id":"https:\/\/akquaaa.com\/#website","url":"https:\/\/akquaaa.com\/","name":"Hotel Akquaaa","description":"","publisher":{"@id":"https:\/\/akquaaa.com\/#organization"},"potentialAction":[{"@type":"SearchAction","target":{"@type":"EntryPoint","urlTemplate":"https:\/\/akquaaa.com\/?s={search_term_string}"},"query-input":{"@type":"PropertyValueSpecification","valueRequired":true,"valueName":"search_term_string"}}],"inLanguage":"ca"},{"@type":"Organization","@id":"https:\/\/akquaaa.com\/#organization","name":"Hotel Akquaaa","url":"https:\/\/akquaaa.com\/","logo":{"@type":"ImageObject","inLanguage":"ca","@id":"https:\/\/akquaaa.com\/#\/schema\/logo\/image\/","url":"https:\/\/akquaaa.com\/wp-content\/uploads\/2025\/01\/LOHO-HOTEL-NEGRO.png","contentUrl":"https:\/\/akquaaa.com\/wp-content\/uploads\/2025\/01\/LOHO-HOTEL-NEGRO.png","width":4000,"height":1016,"caption":"Hotel Akquaaa"},"image":{"@id":"https:\/\/akquaaa.com\/#\/schema\/logo\/image\/"}},{"@type":"Person","@id":"https:\/\/akquaaa.com\/#\/schema\/person\/d1930c8d132da3fe4b19d595060faab2","name":"admin","image":{"@type":"ImageObject","inLanguage":"ca","@id":"https:\/\/secure.gravatar.com\/avatar\/39b6f2bee72abd847a5feb3bf46900a793f8042f2a0e49b4c2749e2438d46e16?s=96&d=mm&r=g","url":"https:\/\/secure.gravatar.com\/avatar\/39b6f2bee72abd847a5feb3bf46900a793f8042f2a0e49b4c2749e2438d46e16?s=96&d=mm&r=g","contentUrl":"https:\/\/secure.gravatar.com\/avatar\/39b6f2bee72abd847a5feb3bf46900a793f8042f2a0e49b4c2749e2438d46e16?s=96&d=mm&r=g","caption":"admin"},"sameAs":["http:\/\/akquaaa.com"],"url":"https:\/\/akquaaa.com\/ca\/author\/marta\/"}]}},"_links":{"self":[{"href":"https:\/\/akquaaa.com\/ca\/wp-json\/wp\/v2\/posts\/5977","targetHints":{"allow":["GET"]}}],"collection":[{"href":"https:\/\/akquaaa.com\/ca\/wp-json\/wp\/v2\/posts"}],"about":[{"href":"https:\/\/akquaaa.com\/ca\/wp-json\/wp\/v2\/types\/post"}],"author":[{"embeddable":true,"href":"https:\/\/akquaaa.com\/ca\/wp-json\/wp\/v2\/users\/1"}],"replies":[{"embeddable":true,"href":"https:\/\/akquaaa.com\/ca\/wp-json\/wp\/v2\/comments?post=5977"}],"version-history":[{"count":0,"href":"https:\/\/akquaaa.com\/ca\/wp-json\/wp\/v2\/posts\/5977\/revisions"}],"wp:featuredmedia":[{"embeddable":true,"href":"https:\/\/akquaaa.com\/ca\/wp-json\/wp\/v2\/media\/5960"}],"wp:attachment":[{"href":"https:\/\/akquaaa.com\/ca\/wp-json\/wp\/v2\/media?parent=5977"}],"wp:term":[{"taxonomy":"category","embeddable":true,"href":"https:\/\/akquaaa.com\/ca\/wp-json\/wp\/v2\/categories?post=5977"},{"taxonomy":"post_tag","embeddable":true,"href":"https:\/\/akquaaa.com\/ca\/wp-json\/wp\/v2\/tags?post=5977"}],"curies":[{"name":"wp","href":"https:\/\/api.w.org\/{rel}","templated":true}]}}