{"id":4355,"date":"2023-12-14T10:00:00","date_gmt":"2023-12-14T10:00:00","guid":{"rendered":"https:\/\/akquaaa.com\/?p=4355"},"modified":"2025-03-17T10:47:33","modified_gmt":"2025-03-17T10:47:33","slug":"nadal-a-catalunya-tradicions-que-illuminen-la-temporada","status":"publish","type":"post","link":"https:\/\/akquaaa.com\/ca\/nadal-a-catalunya-tradicions-que-illuminen-la-temporada\/","title":{"rendered":"Nadal a Catalunya: tradicions que il\u00b7luminen la temporada"},"content":{"rendered":"\t\t<div data-elementor-type=\"wp-post\" data-elementor-id=\"4355\" class=\"elementor elementor-4355 elementor-4309\" data-elementor-post-type=\"post\">\n\t\t\t\t\t\t<section class=\"elementor-section elementor-top-section elementor-element elementor-element-b4cb98f elementor-section-boxed elementor-section-height-default elementor-section-height-default\" data-id=\"b4cb98f\" data-element_type=\"section\" data-e-type=\"section\">\n\t\t\t\t\t\t<div class=\"elementor-container elementor-column-gap-default\">\n\t\t\t\t\t<div class=\"elementor-column elementor-col-100 elementor-top-column elementor-element elementor-element-eec5fc8\" data-id=\"eec5fc8\" data-element_type=\"column\" data-e-type=\"column\">\n\t\t\t<div class=\"elementor-widget-wrap elementor-element-populated\">\n\t\t\t\t\t\t<div class=\"elementor-element elementor-element-2ef9ee55 elementor-widget elementor-widget-text-editor\" data-id=\"2ef9ee55\" data-element_type=\"widget\" data-e-type=\"widget\" data-widget_type=\"text-editor.default\">\n\t\t\t\t<div class=\"elementor-widget-container\">\n\t\t\t\t\t\t\t\t\t<p>El Nadal a Catalunya \u00e9s una \u00e8poca m\u00e0gica, plena de tradicions arrelades que atorguen un encant \u00fanic a aquesta temporada festiva.<\/p>\n<p>En aquest blog us expliquem les tradicions nadalenques m\u00e9s destacades de la cultura catalana i com se celebren aqu\u00ed.<\/p>\n\t\t\t\t\t\t\t\t<\/div>\n\t\t\t\t<\/div>\n\t\t\t\t<div class=\"elementor-element elementor-element-b6a7ebf elementor-widget elementor-widget-text-editor\" data-id=\"b6a7ebf\" data-element_type=\"widget\" data-e-type=\"widget\" data-widget_type=\"text-editor.default\">\n\t\t\t\t<div class=\"elementor-widget-container\">\n\t\t\t\t\t\t\t\t\t<h2><strong>El pessebre vivent: pessebre en acci\u00f3<\/strong><\/h2>\n<p>Una de les tradicions m\u00e9s benvolgudes \u00e9s la representaci\u00f3 del pessebre vivent. En moltes localitats, les places es transformen en aut\u00e8ntiques escenes b\u00edbliques amb persones i animals recreant el naixement de Jes\u00fas.<\/p>\n\t\t\t\t\t\t\t\t<\/div>\n\t\t\t\t<\/div>\n\t\t\t\t<div class=\"elementor-element elementor-element-f6a06d6 elementor-widget elementor-widget-image\" data-id=\"f6a06d6\" data-element_type=\"widget\" data-e-type=\"widget\" data-widget_type=\"image.default\">\n\t\t\t\t<div class=\"elementor-widget-container\">\n\t\t\t\t\t\t\t\t\t\t\t\t\t\t\t<img fetchpriority=\"high\" decoding=\"async\" width=\"2560\" height=\"1707\" src=\"https:\/\/akquaaa.com\/wp-content\/uploads\/2023\/12\/shutterstock_1590875914-scaled-2.jpg\" class=\"attachment-full size-full wp-image-4317\" alt=\"\" srcset=\"https:\/\/akquaaa.com\/wp-content\/uploads\/2023\/12\/shutterstock_1590875914-scaled-2.jpg 2560w, https:\/\/akquaaa.com\/wp-content\/uploads\/2023\/12\/shutterstock_1590875914-scaled-2-300x200.jpg 300w, https:\/\/akquaaa.com\/wp-content\/uploads\/2023\/12\/shutterstock_1590875914-scaled-2-1024x683.jpg 1024w, https:\/\/akquaaa.com\/wp-content\/uploads\/2023\/12\/shutterstock_1590875914-scaled-2-768x512.jpg 768w, https:\/\/akquaaa.com\/wp-content\/uploads\/2023\/12\/shutterstock_1590875914-scaled-2-1536x1024.jpg 1536w, https:\/\/akquaaa.com\/wp-content\/uploads\/2023\/12\/shutterstock_1590875914-scaled-2-2048x1366.jpg 2048w\" sizes=\"(max-width: 2560px) 100vw, 2560px\" \/>\t\t\t\t\t\t\t\t\t\t\t\t\t\t\t<\/div>\n\t\t\t\t<\/div>\n\t\t\t\t<div class=\"elementor-element elementor-element-769ba0e elementor-widget elementor-widget-text-editor\" data-id=\"769ba0e\" data-element_type=\"widget\" data-e-type=\"widget\" data-widget_type=\"text-editor.default\">\n\t\t\t\t<div class=\"elementor-widget-container\">\n\t\t\t\t\t\t\t\t\t<p>Aquesta representaci\u00f3 captiva als visitants i locals, submergint-los en la hist\u00f2ria nadalenca amb una ambientaci\u00f3 viscuda i especial. A Calafell, podreu trobar un d&#8217;aquests pessebres vivents des del 10 fins al 18 de desembre en la Masia Castell\u00f3.<\/p>\n\t\t\t\t\t\t\t\t<\/div>\n\t\t\t\t<\/div>\n\t\t\t\t<div class=\"elementor-element elementor-element-9edadb9 elementor-widget elementor-widget-text-editor\" data-id=\"9edadb9\" data-element_type=\"widget\" data-e-type=\"widget\" data-widget_type=\"text-editor.default\">\n\t\t\t\t<div class=\"elementor-widget-container\">\n\t\t\t\t\t\t\t\t\t<h2><strong>El Ti\u00f3 de Nadal<\/strong><\/h2>\n<p>El Caga Ti\u00f3 \u00e9s un personatge nadalenc de la cultura catal\u00e0, caracteritzat per ser un tronc de fusta amb dues o quatre cames de fusta, un rostre somrient pintat i una barretina tradicional catalana.<\/p>\n\t\t\t\t\t\t\t\t<\/div>\n\t\t\t\t<\/div>\n\t\t\t\t<div class=\"elementor-element elementor-element-30c7427 elementor-widget elementor-widget-image\" data-id=\"30c7427\" data-element_type=\"widget\" data-e-type=\"widget\" data-widget_type=\"image.default\">\n\t\t\t\t<div class=\"elementor-widget-container\">\n\t\t\t\t\t\t\t\t\t\t\t\t\t\t\t<img decoding=\"async\" width=\"2560\" height=\"1915\" src=\"https:\/\/akquaaa.com\/wp-content\/uploads\/2023\/12\/shutterstock_1577309431-scaled-2.jpg\" class=\"attachment-full size-full wp-image-4321\" alt=\"\" srcset=\"https:\/\/akquaaa.com\/wp-content\/uploads\/2023\/12\/shutterstock_1577309431-scaled-2.jpg 2560w, https:\/\/akquaaa.com\/wp-content\/uploads\/2023\/12\/shutterstock_1577309431-scaled-2-300x224.jpg 300w, https:\/\/akquaaa.com\/wp-content\/uploads\/2023\/12\/shutterstock_1577309431-scaled-2-1024x766.jpg 1024w, https:\/\/akquaaa.com\/wp-content\/uploads\/2023\/12\/shutterstock_1577309431-scaled-2-768x575.jpg 768w, https:\/\/akquaaa.com\/wp-content\/uploads\/2023\/12\/shutterstock_1577309431-scaled-2-1536x1149.jpg 1536w, https:\/\/akquaaa.com\/wp-content\/uploads\/2023\/12\/shutterstock_1577309431-scaled-2-2048x1532.jpg 2048w\" sizes=\"(max-width: 2560px) 100vw, 2560px\" \/>\t\t\t\t\t\t\t\t\t\t\t\t\t\t\t<\/div>\n\t\t\t\t<\/div>\n\t\t\t\t<div class=\"elementor-element elementor-element-08f98bc elementor-widget elementor-widget-text-editor\" data-id=\"08f98bc\" data-element_type=\"widget\" data-e-type=\"widget\" data-widget_type=\"text-editor.default\">\n\t\t\t\t<div class=\"elementor-widget-container\">\n\t\t\t\t\t\t\t\t\t<p>A la Nit de Nadal el Ti\u00f3 \u201ccaga regals\u201d per als nens despr\u00e9s de cantar una can\u00e7\u00f3 mentre colpegen el tronc amb un pal de fusta. Per aix\u00f2, des del 8 de desembre, quan se celebra la Immaculada Concepci\u00f3, les fam\u00edlies comencen a donar menjar al Ti\u00f3 cada nit i s&#8217;asseguren que estigui calenta sota una gruixuda manta.<\/p>\n<p>Aquesta \u00e9s una tradici\u00f3 peculiar i molt volguda entre els nens que porta riures i alegria a la llar en l&#8217;\u00e8poca nadalenca.<\/p>\n\t\t\t\t\t\t\t\t<\/div>\n\t\t\t\t<\/div>\n\t\t\t\t<div class=\"elementor-element elementor-element-0dccc8b elementor-widget elementor-widget-text-editor\" data-id=\"0dccc8b\" data-element_type=\"widget\" data-e-type=\"widget\" data-widget_type=\"text-editor.default\">\n\t\t\t\t<div class=\"elementor-widget-container\">\n\t\t\t\t\t\t\t\t\t<h2><b>El Caganer<\/b><\/h2>\n<p>Una altra tradici\u00f3 t\u00edpica catalana \u00e9s la pres\u00e8ncia de \u201cel caganer\u201d al pessebre. Aquesta figura, representa a un home defecant, vestit de \u201cpastoret\u201d catal\u00e0, que es col\u00b7loca en un lloc discret del pessebre, generalment sota un arbre o darrere d&#8217;alguna roca o arbust.<\/p>\n\t\t\t\t\t\t\t\t<\/div>\n\t\t\t\t<\/div>\n\t\t\t\t<div class=\"elementor-element elementor-element-8fcbd45 elementor-widget elementor-widget-image\" data-id=\"8fcbd45\" data-element_type=\"widget\" data-e-type=\"widget\" data-widget_type=\"image.default\">\n\t\t\t\t<div class=\"elementor-widget-container\">\n\t\t\t\t\t\t\t\t\t\t\t\t\t\t\t<img decoding=\"async\" width=\"2560\" height=\"1696\" src=\"https:\/\/akquaaa.com\/wp-content\/uploads\/2023\/12\/shutterstock_166019288-scaled-2.jpg\" class=\"attachment-full size-full wp-image-4325\" alt=\"\" srcset=\"https:\/\/akquaaa.com\/wp-content\/uploads\/2023\/12\/shutterstock_166019288-scaled-2.jpg 2560w, https:\/\/akquaaa.com\/wp-content\/uploads\/2023\/12\/shutterstock_166019288-scaled-2-300x199.jpg 300w, https:\/\/akquaaa.com\/wp-content\/uploads\/2023\/12\/shutterstock_166019288-scaled-2-1024x678.jpg 1024w, https:\/\/akquaaa.com\/wp-content\/uploads\/2023\/12\/shutterstock_166019288-scaled-2-768x509.jpg 768w, https:\/\/akquaaa.com\/wp-content\/uploads\/2023\/12\/shutterstock_166019288-scaled-2-1536x1018.jpg 1536w, https:\/\/akquaaa.com\/wp-content\/uploads\/2023\/12\/shutterstock_166019288-scaled-2-2048x1357.jpg 2048w\" sizes=\"(max-width: 2560px) 100vw, 2560px\" \/>\t\t\t\t\t\t\t\t\t\t\t\t\t\t\t<\/div>\n\t\t\t\t<\/div>\n\t\t\t\t<div class=\"elementor-element elementor-element-1e2d4c3 elementor-widget elementor-widget-text-editor\" data-id=\"1e2d4c3\" data-element_type=\"widget\" data-e-type=\"widget\" data-widget_type=\"text-editor.default\">\n\t\t\t\t<div class=\"elementor-widget-container\">\n\t\t\t\t\t\t\t\t\t<p>Actualment, \u201cel caganer\u201d s&#8217;ha convertit en un objecte de col\u00b7leccionisme i existeixen molt\u00edssimes variants d&#8217;aquest, representant a personatges famosos, pol\u00edtics, actors\u2026 en la mateixa posici\u00f3 que la figura original.<\/p>\n\t\t\t\t\t\t\t\t<\/div>\n\t\t\t\t<\/div>\n\t\t\t\t<div class=\"elementor-element elementor-element-7ceb5a7 elementor-widget elementor-widget-text-editor\" data-id=\"7ceb5a7\" data-element_type=\"widget\" data-e-type=\"widget\" data-widget_type=\"text-editor.default\">\n\t\t\t\t<div class=\"elementor-widget-container\">\n\t\t\t\t\t\t\t\t\t<h2><b>La missa del Gall<\/b><\/h2>\n<p>La Missa del Gall \u00e9s una cerim\u00f2nia religiosa important en la Nit de Nadal. Les esgl\u00e9sies s&#8217;omplen de fidels per a assistir a aquesta missa que commemora el naixement de Jes\u00fas. Despr\u00e9s de la missa, les fam\u00edlies tornen a les seves llars per a compartir un sopar especial i obrir regals.<\/p>\n<p>Encara que aquesta no \u00e9s una tradici\u00f3 exclusiva de la cultura catalana, t\u00e9 una gran import\u00e0ncia en aquestes dates, i \u00e9s coneguda com \u201cLa Missa del Gall\u201d.<\/p>\n\t\t\t\t\t\t\t\t<\/div>\n\t\t\t\t<\/div>\n\t\t\t\t<div class=\"elementor-element elementor-element-ab50e5e elementor-widget elementor-widget-text-editor\" data-id=\"ab50e5e\" data-element_type=\"widget\" data-e-type=\"widget\" data-widget_type=\"text-editor.default\">\n\t\t\t\t<div class=\"elementor-widget-container\">\n\t\t\t\t\t\t\t\t\t<h2><b>Menjars nadalencs tradicionals catalanes<\/b><\/h2>\n<p>La gastron\u00f2mica nadalenca a Catalunya est\u00e0 plena de sabors aut\u00e8ntics i plats tradicionals que es gaudeixen durant les festes:<\/p>\n<ul>\n<li><strong>Escudella i carn d\u2019olla<\/strong>: aquest plat \u00e9s el protagonista indiscutible del menjar de Nadal. Es tracta d&#8217;un bullit catal\u00e0 que consta de dues parts, la \u201cescudella\u201d que \u00e9s la sopa i la \u201ccarn d\u2019olla\u201d que s\u00f3n les carns i verdures cuites durant la preparaci\u00f3 de la sopa<\/li>\n<\/ul>\n\t\t\t\t\t\t\t\t<\/div>\n\t\t\t\t<\/div>\n\t\t\t\t<div class=\"elementor-element elementor-element-8e73544 elementor-widget elementor-widget-image\" data-id=\"8e73544\" data-element_type=\"widget\" data-e-type=\"widget\" data-widget_type=\"image.default\">\n\t\t\t\t<div class=\"elementor-widget-container\">\n\t\t\t\t\t\t\t\t\t\t\t\t\t\t\t<img loading=\"lazy\" decoding=\"async\" width=\"2560\" height=\"1708\" src=\"https:\/\/akquaaa.com\/wp-content\/uploads\/2023\/12\/shutterstock_1206904441-scaled-2.jpg\" class=\"attachment-full size-full wp-image-4329\" alt=\"\" srcset=\"https:\/\/akquaaa.com\/wp-content\/uploads\/2023\/12\/shutterstock_1206904441-scaled-2.jpg 2560w, https:\/\/akquaaa.com\/wp-content\/uploads\/2023\/12\/shutterstock_1206904441-scaled-2-300x200.jpg 300w, https:\/\/akquaaa.com\/wp-content\/uploads\/2023\/12\/shutterstock_1206904441-scaled-2-1024x683.jpg 1024w, https:\/\/akquaaa.com\/wp-content\/uploads\/2023\/12\/shutterstock_1206904441-scaled-2-768x512.jpg 768w, https:\/\/akquaaa.com\/wp-content\/uploads\/2023\/12\/shutterstock_1206904441-scaled-2-1536x1025.jpg 1536w, https:\/\/akquaaa.com\/wp-content\/uploads\/2023\/12\/shutterstock_1206904441-scaled-2-2048x1366.jpg 2048w\" sizes=\"(max-width: 2560px) 100vw, 2560px\" \/>\t\t\t\t\t\t\t\t\t\t\t\t\t\t\t<\/div>\n\t\t\t\t<\/div>\n\t\t\t\t<div class=\"elementor-element elementor-element-6c0c9d1 elementor-widget elementor-widget-text-editor\" data-id=\"6c0c9d1\" data-element_type=\"widget\" data-e-type=\"widget\" data-widget_type=\"text-editor.default\">\n\t\t\t\t<div class=\"elementor-widget-container\">\n\t\t\t\t\t\t\t\t\t<ul>\n<li><strong>Canelons<\/strong>: els canelons s\u00f3n un altre plat cl\u00e0ssic en la taula catalana durant les festivitats. S&#8217;emplenen de carn que va sobrar del bullit del dia anterior, es cobreixen de beixamel i es gratinen al forn. Els canelons es mengen el dia 26 de desembre, despr\u00e9s de Nadal, per a celebrar el dia de Sant Esteve, una festivitat que nom\u00e9s se celebra a Catalunya<\/li>\n<\/ul>\n\t\t\t\t\t\t\t\t<\/div>\n\t\t\t\t<\/div>\n\t\t\t\t<div class=\"elementor-element elementor-element-7371fbd elementor-widget elementor-widget-image\" data-id=\"7371fbd\" data-element_type=\"widget\" data-e-type=\"widget\" data-widget_type=\"image.default\">\n\t\t\t\t<div class=\"elementor-widget-container\">\n\t\t\t\t\t\t\t\t\t\t\t\t\t\t\t<img loading=\"lazy\" decoding=\"async\" width=\"2560\" height=\"1707\" src=\"https:\/\/akquaaa.com\/wp-content\/uploads\/2023\/12\/shutterstock_1769368322-scaled-2.jpg\" class=\"attachment-full size-full wp-image-4333\" alt=\"\" srcset=\"https:\/\/akquaaa.com\/wp-content\/uploads\/2023\/12\/shutterstock_1769368322-scaled-2.jpg 2560w, https:\/\/akquaaa.com\/wp-content\/uploads\/2023\/12\/shutterstock_1769368322-scaled-2-300x200.jpg 300w, https:\/\/akquaaa.com\/wp-content\/uploads\/2023\/12\/shutterstock_1769368322-scaled-2-1024x683.jpg 1024w, https:\/\/akquaaa.com\/wp-content\/uploads\/2023\/12\/shutterstock_1769368322-scaled-2-768x512.jpg 768w, https:\/\/akquaaa.com\/wp-content\/uploads\/2023\/12\/shutterstock_1769368322-scaled-2-1536x1024.jpg 1536w, https:\/\/akquaaa.com\/wp-content\/uploads\/2023\/12\/shutterstock_1769368322-scaled-2-2048x1366.jpg 2048w\" sizes=\"(max-width: 2560px) 100vw, 2560px\" \/>\t\t\t\t\t\t\t\t\t\t\t\t\t\t\t<\/div>\n\t\t\t\t<\/div>\n\t\t\t\t<div class=\"elementor-element elementor-element-99fb1d7 elementor-widget elementor-widget-text-editor\" data-id=\"99fb1d7\" data-element_type=\"widget\" data-e-type=\"widget\" data-widget_type=\"text-editor.default\">\n\t\t\t\t<div class=\"elementor-widget-container\">\n\t\t\t\t\t\t\t\t\t<ul>\n<li><strong>Escudella de Nadal<\/strong>: la escudella de Nadal \u00e9s un plat m\u00e9s lleuger que la escudella i carn d\u2019olla, que se serveix amb \u201cgalets\u201d una pasta en forma de caragol que s&#8217;emplena amb carn picada.<\/li>\n<\/ul>\n\t\t\t\t\t\t\t\t<\/div>\n\t\t\t\t<\/div>\n\t\t\t\t<div class=\"elementor-element elementor-element-7e1d9ac elementor-widget elementor-widget-image\" data-id=\"7e1d9ac\" data-element_type=\"widget\" data-e-type=\"widget\" data-widget_type=\"image.default\">\n\t\t\t\t<div class=\"elementor-widget-container\">\n\t\t\t\t\t\t\t\t\t\t\t\t\t\t\t<img loading=\"lazy\" decoding=\"async\" width=\"2560\" height=\"1707\" src=\"https:\/\/akquaaa.com\/wp-content\/uploads\/2023\/12\/shutterstock_2237485837-2-scaled.jpg\" class=\"attachment-full size-full wp-image-4337\" alt=\"\" srcset=\"https:\/\/akquaaa.com\/wp-content\/uploads\/2023\/12\/shutterstock_2237485837-2-scaled.jpg 2560w, https:\/\/akquaaa.com\/wp-content\/uploads\/2023\/12\/shutterstock_2237485837-2-300x200.jpg 300w, https:\/\/akquaaa.com\/wp-content\/uploads\/2023\/12\/shutterstock_2237485837-2-1024x683.jpg 1024w, https:\/\/akquaaa.com\/wp-content\/uploads\/2023\/12\/shutterstock_2237485837-2-768x512.jpg 768w, https:\/\/akquaaa.com\/wp-content\/uploads\/2023\/12\/shutterstock_2237485837-2-1536x1024.jpg 1536w, https:\/\/akquaaa.com\/wp-content\/uploads\/2023\/12\/shutterstock_2237485837-2-2048x1365.jpg 2048w\" sizes=\"(max-width: 2560px) 100vw, 2560px\" \/>\t\t\t\t\t\t\t\t\t\t\t\t\t\t\t<\/div>\n\t\t\t\t<\/div>\n\t\t\t\t<div class=\"elementor-element elementor-element-7a0bbe7 elementor-widget elementor-widget-text-editor\" data-id=\"7a0bbe7\" data-element_type=\"widget\" data-e-type=\"widget\" data-widget_type=\"text-editor.default\">\n\t\t\t\t<div class=\"elementor-widget-container\">\n\t\t\t\t\t\t\t\t\t<ul>\n<li><strong>Dol\u00e7os nadalencs<\/strong>: no poden faltar en les taules nadalenques catalanes un bon assortiment de polvorons i torrons de totes les classes, per a acabar els menjars familiars amb un toc dol\u00e7.<\/li>\n<\/ul>\n\t\t\t\t\t\t\t\t<\/div>\n\t\t\t\t<\/div>\n\t\t\t\t<div class=\"elementor-element elementor-element-1edf057 elementor-widget elementor-widget-image\" data-id=\"1edf057\" data-element_type=\"widget\" data-e-type=\"widget\" data-widget_type=\"image.default\">\n\t\t\t\t<div class=\"elementor-widget-container\">\n\t\t\t\t\t\t\t\t\t\t\t\t\t\t\t<img loading=\"lazy\" decoding=\"async\" width=\"2560\" height=\"1709\" src=\"https:\/\/akquaaa.com\/wp-content\/uploads\/2023\/12\/shutterstock_1855898485-scaled-2.jpg\" class=\"attachment-full size-full wp-image-4341\" alt=\"\" srcset=\"https:\/\/akquaaa.com\/wp-content\/uploads\/2023\/12\/shutterstock_1855898485-scaled-2.jpg 2560w, https:\/\/akquaaa.com\/wp-content\/uploads\/2023\/12\/shutterstock_1855898485-scaled-2-300x200.jpg 300w, https:\/\/akquaaa.com\/wp-content\/uploads\/2023\/12\/shutterstock_1855898485-scaled-2-1024x684.jpg 1024w, https:\/\/akquaaa.com\/wp-content\/uploads\/2023\/12\/shutterstock_1855898485-scaled-2-768x513.jpg 768w, https:\/\/akquaaa.com\/wp-content\/uploads\/2023\/12\/shutterstock_1855898485-scaled-2-1536x1025.jpg 1536w, https:\/\/akquaaa.com\/wp-content\/uploads\/2023\/12\/shutterstock_1855898485-scaled-2-2048x1367.jpg 2048w\" sizes=\"(max-width: 2560px) 100vw, 2560px\" \/>\t\t\t\t\t\t\t\t\t\t\t\t\t\t\t<\/div>\n\t\t\t\t<\/div>\n\t\t\t\t<div class=\"elementor-element elementor-element-30d8886 elementor-widget elementor-widget-text-editor\" data-id=\"30d8886\" data-element_type=\"widget\" data-e-type=\"widget\" data-widget_type=\"text-editor.default\">\n\t\t\t\t<div class=\"elementor-widget-container\">\n\t\t\t\t\t\t\t\t\t<p>En el restaurant de Akquaaa podreu gaudir d&#8217;aquests plats t\u00edpics catalans els dies festius. Descobreix tots els nostres men\u00fas nadalencs <a href=\"https:\/\/akquaaa.com\/wp-content\/uploads\/2023\/11\/ESP-CARTA_NAVIDAD_ADULTO-1.pdf\">aqu\u00ed<\/a>.<\/p>\n\t\t\t\t\t\t\t\t<\/div>\n\t\t\t\t<\/div>\n\t\t\t\t<div class=\"elementor-element elementor-element-85229f5 elementor-widget elementor-widget-text-editor\" data-id=\"85229f5\" data-element_type=\"widget\" data-e-type=\"widget\" data-widget_type=\"text-editor.default\">\n\t\t\t\t<div class=\"elementor-widget-container\">\n\t\t\t\t\t\t\t\t\t<h2><b>Els mercats nadalencs<\/b><\/h2>\n<p>Els mercats nadalencs, com el de Santa Ll\u00facia a Barcelona, s\u00f3n una tradici\u00f3 molt arrelada en la cultura catalana. La gran majoria de ciutats i pobles de Catalunya compten amb, almenys, un mercat nadalenc durant aquesta \u00e8poca.<\/p>\n<p>Aquests mercats ofereixen productes artesanals, decoracions nadalenques, dol\u00e7os t\u00edpics i elements per al pessebre i passejar per ells \u00e9s submergir-se en l&#8217;atmosfera festiva i gaudir de l&#8217;ess\u00e8ncia del Nadal catal\u00e0.<\/p>\n\t\t\t\t\t\t\t\t<\/div>\n\t\t\t\t<\/div>\n\t\t\t\t<div class=\"elementor-element elementor-element-0ec13bb elementor-widget elementor-widget-image\" data-id=\"0ec13bb\" data-element_type=\"widget\" data-e-type=\"widget\" data-widget_type=\"image.default\">\n\t\t\t\t<div class=\"elementor-widget-container\">\n\t\t\t\t\t\t\t\t\t\t\t\t\t\t\t<img loading=\"lazy\" decoding=\"async\" width=\"2560\" height=\"1708\" src=\"https:\/\/akquaaa.com\/wp-content\/uploads\/2023\/12\/shutterstock_2235160381-scaled-2.jpg\" class=\"attachment-full size-full wp-image-4345\" alt=\"\" srcset=\"https:\/\/akquaaa.com\/wp-content\/uploads\/2023\/12\/shutterstock_2235160381-scaled-2.jpg 2560w, https:\/\/akquaaa.com\/wp-content\/uploads\/2023\/12\/shutterstock_2235160381-scaled-2-300x200.jpg 300w, https:\/\/akquaaa.com\/wp-content\/uploads\/2023\/12\/shutterstock_2235160381-scaled-2-1024x683.jpg 1024w, https:\/\/akquaaa.com\/wp-content\/uploads\/2023\/12\/shutterstock_2235160381-scaled-2-768x512.jpg 768w, https:\/\/akquaaa.com\/wp-content\/uploads\/2023\/12\/shutterstock_2235160381-scaled-2-1536x1025.jpg 1536w, https:\/\/akquaaa.com\/wp-content\/uploads\/2023\/12\/shutterstock_2235160381-scaled-2-2048x1366.jpg 2048w\" sizes=\"(max-width: 2560px) 100vw, 2560px\" \/>\t\t\t\t\t\t\t\t\t\t\t\t\t\t\t<\/div>\n\t\t\t\t<\/div>\n\t\t\t\t<div class=\"elementor-element elementor-element-fd158cb elementor-widget elementor-widget-text-editor\" data-id=\"fd158cb\" data-element_type=\"widget\" data-e-type=\"widget\" data-widget_type=\"text-editor.default\">\n\t\t\t\t<div class=\"elementor-widget-container\">\n\t\t\t\t\t\t\t\t\t<p>En Destral de Calafell, tamb\u00e9 podreu trobar un mercat ambulant nadalenc preci\u00f3s prop de la mar, per a gaudir amb la fam\u00edlia d&#8217;un passeig nadalenc \u00fanic.<\/p>\n\t\t\t\t\t\t\t\t<\/div>\n\t\t\t\t<\/div>\n\t\t\t\t<div class=\"elementor-element elementor-element-f6b3645 elementor-widget elementor-widget-text-editor\" data-id=\"f6b3645\" data-element_type=\"widget\" data-e-type=\"widget\" data-widget_type=\"text-editor.default\">\n\t\t\t\t<div class=\"elementor-widget-container\">\n\t\t\t\t\t\t\t\t\t<p>El Nadal a Catalunya \u00e9s un mosaic de tradicions que uneixen el religi\u00f3s, el l\u00fadic i el cultural per a crear un ambient festiu incre\u00efble. Aquests costums \u00fanics, arrelades en la hist\u00f2ria i la identitat de la regi\u00f3, fan d&#8217;aquestes festes una \u00e8poca veritablement especial, on se celebra l&#8217;esperit nadalenc amb alegria i devoci\u00f3.<\/p>\n\t\t\t\t\t\t\t\t<\/div>\n\t\t\t\t<\/div>\n\t\t\t\t\t<\/div>\n\t\t<\/div>\n\t\t\t\t\t<\/div>\n\t\t<\/section>\n\t\t\t\t<section class=\"elementor-section elementor-top-section elementor-element elementor-element-2c55a1f elementor-section-boxed elementor-section-height-default elementor-section-height-default\" data-id=\"2c55a1f\" data-element_type=\"section\" data-e-type=\"section\">\n\t\t\t\t\t\t<div class=\"elementor-container elementor-column-gap-default\">\n\t\t\t\t\t<div class=\"elementor-column elementor-col-100 elementor-top-column elementor-element elementor-element-202367f\" data-id=\"202367f\" data-element_type=\"column\" data-e-type=\"column\">\n\t\t\t<div class=\"elementor-widget-wrap elementor-element-populated\">\n\t\t\t\t\t\t<div class=\"elementor-element elementor-element-84d2121 elementor-widget elementor-widget-text-editor\" data-id=\"84d2121\" data-element_type=\"widget\" data-e-type=\"widget\" data-widget_type=\"text-editor.default\">\n\t\t\t\t<div class=\"elementor-widget-container\">\n\t\t\t\t\t\t\t\t\t<p style=\"text-align: center;\"><span style=\"font-size: 1rem;\">No dubtis a contactar amb nosaltres i reservar el teu allotjament per a gaudir d&#8217;un Nadal \u00fanic i inoblidable!<\/span> <b style=\"font-size: 1rem;\">Hotel Boutique Akquaaa<\/b> <span style=\"font-size: 1rem;\">i les seves instal\u00b7lacions en primera l\u00ednia de mar.<\/span> <\/p>\n<p><span style=\"font-size: 1rem;\">Entra a l&#8217;apartat de reserves de la web i no et quedis sense la teva habitaci\u00f3 de somni<\/span> <a style=\"background-color: #ffffff; font-size: 1rem;\" href=\"http:\/\/www.akquaaa.com\">www.akquaaa.com<\/a><\/p>\n\t\t\t\t\t\t\t\t<\/div>\n\t\t\t\t<\/div>\n\t\t\t\t<div class=\"elementor-element elementor-element-9200574 elementor-widget elementor-widget-heading\" data-id=\"9200574\" data-element_type=\"widget\" data-e-type=\"widget\" data-widget_type=\"heading.default\">\n\t\t\t\t<div class=\"elementor-widget-container\">\n\t\t\t\t\t<h2 class=\"elementor-heading-title elementor-size-default\">Bones festes!<\/h2>\t\t\t\t<\/div>\n\t\t\t\t<\/div>\n\t\t\t\t<div class=\"elementor-element elementor-element-e973334 elementor-widget elementor-widget-spacer\" data-id=\"e973334\" data-element_type=\"widget\" data-e-type=\"widget\" data-widget_type=\"spacer.default\">\n\t\t\t\t<div class=\"elementor-widget-container\">\n\t\t\t\t\t\t\t<div class=\"elementor-spacer\">\n\t\t\t<div class=\"elementor-spacer-inner\"><\/div>\n\t\t<\/div>\n\t\t\t\t\t\t<\/div>\n\t\t\t\t<\/div>\n\t\t\t\t<div class=\"elementor-element elementor-element-7b7333f elementor-widget elementor-widget-heading\" data-id=\"7b7333f\" data-element_type=\"widget\" data-e-type=\"widget\" data-widget_type=\"heading.default\">\n\t\t\t\t<div class=\"elementor-widget-container\">\n\t\t\t\t\t<h2 class=\"elementor-heading-title elementor-size-default\">Viu-lo de primera m\u00e0 a Hotel Boutique Akquaaa<\/h2>\t\t\t\t<\/div>\n\t\t\t\t<\/div>\n\t\t\t\t<div class=\"elementor-element elementor-element-01f5a66 elementor-align-center elementor-widget elementor-widget-button\" data-id=\"01f5a66\" data-element_type=\"widget\" data-e-type=\"widget\" data-widget_type=\"button.default\">\n\t\t\t\t<div class=\"elementor-widget-container\">\n\t\t\t\t\t\t\t\t\t<div class=\"elementor-button-wrapper\">\n\t\t\t\t\t<a class=\"elementor-button elementor-button-link elementor-size-sm\" href=\"https:\/\/engine.witbooking.com\/hotelkursaalcalafell.com\/availability\">\n\t\t\t\t\t\t<span class=\"elementor-button-content-wrapper\">\n\t\t\t\t\t\t\t\t\t<span class=\"elementor-button-text\">Reservar Habitaci\u00f3<\/span>\n\t\t\t\t\t<\/span>\n\t\t\t\t\t<\/a>\n\t\t\t\t<\/div>\n\t\t\t\t\t\t\t\t<\/div>\n\t\t\t\t<\/div>\n\t\t\t\t\t<\/div>\n\t\t<\/div>\n\t\t\t\t\t<\/div>\n\t\t<\/section>\n\t\t\t\t<\/div>\n\t\t","protected":false},"excerpt":{"rendered":"<p>El Nadal a Catalunya \u00e9s una \u00e8poca m\u00e0gica, plena de tradicions arrelades que atorguen un encant \u00fanic a aquesta temporada festiva. En aquest blog us expliquem les tradicions nadalenques m\u00e9s destacades de la cultura catalana i com se celebren aqu\u00ed. El pessebre vivent: pessebre en acci\u00f3 Una de les tradicions m\u00e9s benvolgudes \u00e9s la representaci\u00f3 [&hellip;]<\/p>\n","protected":false},"author":1,"featured_media":4311,"comment_status":"open","ping_status":"closed","sticky":false,"template":"","format":"standard","meta":{"footnotes":""},"categories":[20],"tags":[],"class_list":["post-4355","post","type-post","status-publish","format-standard","has-post-thumbnail","hentry","category-uncategorized-ca"],"yoast_head":"<!-- This site is optimized with the Yoast SEO plugin v27.4 - https:\/\/yoast.com\/product\/yoast-seo-wordpress\/ -->\n<title>Nadal a Catalunya: tradicions que il\u00b7luminen la temporada<\/title>\n<meta name=\"description\" content=\"El Nadal a Catalunya \u00e9s una \u00e8poca m\u00e0gica, plena de tradicions arrelades que atorguen un encant \u00fanic a aquesta temporada festiva.\" \/>\n<meta name=\"robots\" content=\"index, follow, max-snippet:-1, max-image-preview:large, max-video-preview:-1\" \/>\n<link rel=\"canonical\" href=\"https:\/\/akquaaa.com\/ca\/nadal-a-catalunya-tradicions-que-illuminen-la-temporada\/\" \/>\n<meta property=\"og:locale\" content=\"ca_ES\" \/>\n<meta property=\"og:type\" content=\"article\" \/>\n<meta property=\"og:title\" content=\"Nadal a Catalunya: tradicions que il\u00b7luminen la temporada\" \/>\n<meta property=\"og:description\" content=\"El Nadal a Catalunya \u00e9s una \u00e8poca m\u00e0gica, plena de tradicions arrelades que atorguen un encant \u00fanic a aquesta temporada festiva.\" \/>\n<meta property=\"og:url\" content=\"https:\/\/akquaaa.com\/ca\/nadal-a-catalunya-tradicions-que-illuminen-la-temporada\/\" \/>\n<meta property=\"og:site_name\" content=\"Akquaaa\" \/>\n<meta property=\"article:published_time\" content=\"2023-12-14T10:00:00+00:00\" \/>\n<meta property=\"article:modified_time\" content=\"2025-03-17T10:47:33+00:00\" \/>\n<meta property=\"og:image\" content=\"https:\/\/akquaaa.com\/wp-content\/uploads\/2023\/12\/shutterstock_1197529249-scaled-2.jpg\" \/>\n\t<meta property=\"og:image:width\" content=\"2560\" \/>\n\t<meta property=\"og:image:height\" content=\"1707\" \/>\n\t<meta property=\"og:image:type\" content=\"image\/jpeg\" \/>\n<meta name=\"author\" content=\"admin\" \/>\n<meta name=\"twitter:card\" content=\"summary_large_image\" \/>\n<meta name=\"twitter:label1\" content=\"Escrit per\" \/>\n\t<meta name=\"twitter:data1\" content=\"admin\" \/>\n\t<meta name=\"twitter:label2\" content=\"Temps estimat de lectura\" \/>\n\t<meta name=\"twitter:data2\" content=\"7 minuts\" \/>\n<script type=\"application\/ld+json\" class=\"yoast-schema-graph\">{\"@context\":\"https:\\\/\\\/schema.org\",\"@graph\":[{\"@type\":\"Article\",\"@id\":\"https:\\\/\\\/akquaaa.com\\\/ca\\\/nadal-a-catalunya-tradicions-que-illuminen-la-temporada\\\/#article\",\"isPartOf\":{\"@id\":\"https:\\\/\\\/akquaaa.com\\\/ca\\\/nadal-a-catalunya-tradicions-que-illuminen-la-temporada\\\/\"},\"author\":{\"name\":\"admin\",\"@id\":\"https:\\\/\\\/akquaaa.com\\\/#\\\/schema\\\/person\\\/d1930c8d132da3fe4b19d595060faab2\"},\"headline\":\"Nadal a Catalunya: tradicions que il\u00b7luminen la temporada\",\"datePublished\":\"2023-12-14T10:00:00+00:00\",\"dateModified\":\"2025-03-17T10:47:33+00:00\",\"mainEntityOfPage\":{\"@id\":\"https:\\\/\\\/akquaaa.com\\\/ca\\\/nadal-a-catalunya-tradicions-que-illuminen-la-temporada\\\/\"},\"wordCount\":894,\"commentCount\":0,\"publisher\":{\"@id\":\"https:\\\/\\\/akquaaa.com\\\/#organization\"},\"image\":{\"@id\":\"https:\\\/\\\/akquaaa.com\\\/ca\\\/nadal-a-catalunya-tradicions-que-illuminen-la-temporada\\\/#primaryimage\"},\"thumbnailUrl\":\"https:\\\/\\\/akquaaa.com\\\/wp-content\\\/uploads\\\/2023\\\/12\\\/shutterstock_1197529249-scaled-2.jpg\",\"articleSection\":[\"Uncategorized @ca\"],\"inLanguage\":\"ca\",\"potentialAction\":[{\"@type\":\"CommentAction\",\"name\":\"Comment\",\"target\":[\"https:\\\/\\\/akquaaa.com\\\/ca\\\/nadal-a-catalunya-tradicions-que-illuminen-la-temporada\\\/#respond\"]}]},{\"@type\":\"WebPage\",\"@id\":\"https:\\\/\\\/akquaaa.com\\\/ca\\\/nadal-a-catalunya-tradicions-que-illuminen-la-temporada\\\/\",\"url\":\"https:\\\/\\\/akquaaa.com\\\/ca\\\/nadal-a-catalunya-tradicions-que-illuminen-la-temporada\\\/\",\"name\":\"Nadal a Catalunya: tradicions que il\u00b7luminen la temporada\",\"isPartOf\":{\"@id\":\"https:\\\/\\\/akquaaa.com\\\/#website\"},\"primaryImageOfPage\":{\"@id\":\"https:\\\/\\\/akquaaa.com\\\/ca\\\/nadal-a-catalunya-tradicions-que-illuminen-la-temporada\\\/#primaryimage\"},\"image\":{\"@id\":\"https:\\\/\\\/akquaaa.com\\\/ca\\\/nadal-a-catalunya-tradicions-que-illuminen-la-temporada\\\/#primaryimage\"},\"thumbnailUrl\":\"https:\\\/\\\/akquaaa.com\\\/wp-content\\\/uploads\\\/2023\\\/12\\\/shutterstock_1197529249-scaled-2.jpg\",\"datePublished\":\"2023-12-14T10:00:00+00:00\",\"dateModified\":\"2025-03-17T10:47:33+00:00\",\"description\":\"El Nadal a Catalunya \u00e9s una \u00e8poca m\u00e0gica, plena de tradicions arrelades que atorguen un encant \u00fanic a aquesta temporada festiva.\",\"breadcrumb\":{\"@id\":\"https:\\\/\\\/akquaaa.com\\\/ca\\\/nadal-a-catalunya-tradicions-que-illuminen-la-temporada\\\/#breadcrumb\"},\"inLanguage\":\"ca\",\"potentialAction\":[{\"@type\":\"ReadAction\",\"target\":[\"https:\\\/\\\/akquaaa.com\\\/ca\\\/nadal-a-catalunya-tradicions-que-illuminen-la-temporada\\\/\"]}]},{\"@type\":\"ImageObject\",\"inLanguage\":\"ca\",\"@id\":\"https:\\\/\\\/akquaaa.com\\\/ca\\\/nadal-a-catalunya-tradicions-que-illuminen-la-temporada\\\/#primaryimage\",\"url\":\"https:\\\/\\\/akquaaa.com\\\/wp-content\\\/uploads\\\/2023\\\/12\\\/shutterstock_1197529249-scaled-2.jpg\",\"contentUrl\":\"https:\\\/\\\/akquaaa.com\\\/wp-content\\\/uploads\\\/2023\\\/12\\\/shutterstock_1197529249-scaled-2.jpg\",\"width\":2560,\"height\":1707},{\"@type\":\"BreadcrumbList\",\"@id\":\"https:\\\/\\\/akquaaa.com\\\/ca\\\/nadal-a-catalunya-tradicions-que-illuminen-la-temporada\\\/#breadcrumb\",\"itemListElement\":[{\"@type\":\"ListItem\",\"position\":1,\"name\":\"Portada\",\"item\":\"https:\\\/\\\/akquaaa.com\\\/ca\\\/hotel-akquaaa\\\/\"},{\"@type\":\"ListItem\",\"position\":2,\"name\":\"Nadal a Catalunya: tradicions que il\u00b7luminen la temporada\"}]},{\"@type\":\"WebSite\",\"@id\":\"https:\\\/\\\/akquaaa.com\\\/#website\",\"url\":\"https:\\\/\\\/akquaaa.com\\\/\",\"name\":\"Hotel Akquaaa\",\"description\":\"\",\"publisher\":{\"@id\":\"https:\\\/\\\/akquaaa.com\\\/#organization\"},\"potentialAction\":[{\"@type\":\"SearchAction\",\"target\":{\"@type\":\"EntryPoint\",\"urlTemplate\":\"https:\\\/\\\/akquaaa.com\\\/?s={search_term_string}\"},\"query-input\":{\"@type\":\"PropertyValueSpecification\",\"valueRequired\":true,\"valueName\":\"search_term_string\"}}],\"inLanguage\":\"ca\"},{\"@type\":\"Organization\",\"@id\":\"https:\\\/\\\/akquaaa.com\\\/#organization\",\"name\":\"Hotel Akquaaa\",\"url\":\"https:\\\/\\\/akquaaa.com\\\/\",\"logo\":{\"@type\":\"ImageObject\",\"inLanguage\":\"ca\",\"@id\":\"https:\\\/\\\/akquaaa.com\\\/#\\\/schema\\\/logo\\\/image\\\/\",\"url\":\"https:\\\/\\\/akquaaa.com\\\/wp-content\\\/uploads\\\/2025\\\/01\\\/LOHO-HOTEL-NEGRO.png\",\"contentUrl\":\"https:\\\/\\\/akquaaa.com\\\/wp-content\\\/uploads\\\/2025\\\/01\\\/LOHO-HOTEL-NEGRO.png\",\"width\":4000,\"height\":1016,\"caption\":\"Hotel Akquaaa\"},\"image\":{\"@id\":\"https:\\\/\\\/akquaaa.com\\\/#\\\/schema\\\/logo\\\/image\\\/\"}},{\"@type\":\"Person\",\"@id\":\"https:\\\/\\\/akquaaa.com\\\/#\\\/schema\\\/person\\\/d1930c8d132da3fe4b19d595060faab2\",\"name\":\"admin\",\"image\":{\"@type\":\"ImageObject\",\"inLanguage\":\"ca\",\"@id\":\"https:\\\/\\\/secure.gravatar.com\\\/avatar\\\/39b6f2bee72abd847a5feb3bf46900a793f8042f2a0e49b4c2749e2438d46e16?s=96&d=mm&r=g\",\"url\":\"https:\\\/\\\/secure.gravatar.com\\\/avatar\\\/39b6f2bee72abd847a5feb3bf46900a793f8042f2a0e49b4c2749e2438d46e16?s=96&d=mm&r=g\",\"contentUrl\":\"https:\\\/\\\/secure.gravatar.com\\\/avatar\\\/39b6f2bee72abd847a5feb3bf46900a793f8042f2a0e49b4c2749e2438d46e16?s=96&d=mm&r=g\",\"caption\":\"admin\"},\"sameAs\":[\"http:\\\/\\\/akquaaa.com\"],\"url\":\"https:\\\/\\\/akquaaa.com\\\/ca\\\/author\\\/marta\\\/\"}]}<\/script>\n<!-- \/ Yoast SEO plugin. -->","yoast_head_json":{"title":"Nadal a Catalunya: tradicions que il\u00b7luminen la temporada","description":"El Nadal a Catalunya \u00e9s una \u00e8poca m\u00e0gica, plena de tradicions arrelades que atorguen un encant \u00fanic a aquesta temporada festiva.","robots":{"index":"index","follow":"follow","max-snippet":"max-snippet:-1","max-image-preview":"max-image-preview:large","max-video-preview":"max-video-preview:-1"},"canonical":"https:\/\/akquaaa.com\/ca\/nadal-a-catalunya-tradicions-que-illuminen-la-temporada\/","og_locale":"ca_ES","og_type":"article","og_title":"Nadal a Catalunya: tradicions que il\u00b7luminen la temporada","og_description":"El Nadal a Catalunya \u00e9s una \u00e8poca m\u00e0gica, plena de tradicions arrelades que atorguen un encant \u00fanic a aquesta temporada festiva.","og_url":"https:\/\/akquaaa.com\/ca\/nadal-a-catalunya-tradicions-que-illuminen-la-temporada\/","og_site_name":"Akquaaa","article_published_time":"2023-12-14T10:00:00+00:00","article_modified_time":"2025-03-17T10:47:33+00:00","og_image":[{"width":2560,"height":1707,"url":"https:\/\/akquaaa.com\/wp-content\/uploads\/2023\/12\/shutterstock_1197529249-scaled-2.jpg","type":"image\/jpeg"}],"author":"admin","twitter_card":"summary_large_image","twitter_misc":{"Escrit per":"admin","Temps estimat de lectura":"7 minuts"},"schema":{"@context":"https:\/\/schema.org","@graph":[{"@type":"Article","@id":"https:\/\/akquaaa.com\/ca\/nadal-a-catalunya-tradicions-que-illuminen-la-temporada\/#article","isPartOf":{"@id":"https:\/\/akquaaa.com\/ca\/nadal-a-catalunya-tradicions-que-illuminen-la-temporada\/"},"author":{"name":"admin","@id":"https:\/\/akquaaa.com\/#\/schema\/person\/d1930c8d132da3fe4b19d595060faab2"},"headline":"Nadal a Catalunya: tradicions que il\u00b7luminen la temporada","datePublished":"2023-12-14T10:00:00+00:00","dateModified":"2025-03-17T10:47:33+00:00","mainEntityOfPage":{"@id":"https:\/\/akquaaa.com\/ca\/nadal-a-catalunya-tradicions-que-illuminen-la-temporada\/"},"wordCount":894,"commentCount":0,"publisher":{"@id":"https:\/\/akquaaa.com\/#organization"},"image":{"@id":"https:\/\/akquaaa.com\/ca\/nadal-a-catalunya-tradicions-que-illuminen-la-temporada\/#primaryimage"},"thumbnailUrl":"https:\/\/akquaaa.com\/wp-content\/uploads\/2023\/12\/shutterstock_1197529249-scaled-2.jpg","articleSection":["Uncategorized @ca"],"inLanguage":"ca","potentialAction":[{"@type":"CommentAction","name":"Comment","target":["https:\/\/akquaaa.com\/ca\/nadal-a-catalunya-tradicions-que-illuminen-la-temporada\/#respond"]}]},{"@type":"WebPage","@id":"https:\/\/akquaaa.com\/ca\/nadal-a-catalunya-tradicions-que-illuminen-la-temporada\/","url":"https:\/\/akquaaa.com\/ca\/nadal-a-catalunya-tradicions-que-illuminen-la-temporada\/","name":"Nadal a Catalunya: tradicions que il\u00b7luminen la temporada","isPartOf":{"@id":"https:\/\/akquaaa.com\/#website"},"primaryImageOfPage":{"@id":"https:\/\/akquaaa.com\/ca\/nadal-a-catalunya-tradicions-que-illuminen-la-temporada\/#primaryimage"},"image":{"@id":"https:\/\/akquaaa.com\/ca\/nadal-a-catalunya-tradicions-que-illuminen-la-temporada\/#primaryimage"},"thumbnailUrl":"https:\/\/akquaaa.com\/wp-content\/uploads\/2023\/12\/shutterstock_1197529249-scaled-2.jpg","datePublished":"2023-12-14T10:00:00+00:00","dateModified":"2025-03-17T10:47:33+00:00","description":"El Nadal a Catalunya \u00e9s una \u00e8poca m\u00e0gica, plena de tradicions arrelades que atorguen un encant \u00fanic a aquesta temporada festiva.","breadcrumb":{"@id":"https:\/\/akquaaa.com\/ca\/nadal-a-catalunya-tradicions-que-illuminen-la-temporada\/#breadcrumb"},"inLanguage":"ca","potentialAction":[{"@type":"ReadAction","target":["https:\/\/akquaaa.com\/ca\/nadal-a-catalunya-tradicions-que-illuminen-la-temporada\/"]}]},{"@type":"ImageObject","inLanguage":"ca","@id":"https:\/\/akquaaa.com\/ca\/nadal-a-catalunya-tradicions-que-illuminen-la-temporada\/#primaryimage","url":"https:\/\/akquaaa.com\/wp-content\/uploads\/2023\/12\/shutterstock_1197529249-scaled-2.jpg","contentUrl":"https:\/\/akquaaa.com\/wp-content\/uploads\/2023\/12\/shutterstock_1197529249-scaled-2.jpg","width":2560,"height":1707},{"@type":"BreadcrumbList","@id":"https:\/\/akquaaa.com\/ca\/nadal-a-catalunya-tradicions-que-illuminen-la-temporada\/#breadcrumb","itemListElement":[{"@type":"ListItem","position":1,"name":"Portada","item":"https:\/\/akquaaa.com\/ca\/hotel-akquaaa\/"},{"@type":"ListItem","position":2,"name":"Nadal a Catalunya: tradicions que il\u00b7luminen la temporada"}]},{"@type":"WebSite","@id":"https:\/\/akquaaa.com\/#website","url":"https:\/\/akquaaa.com\/","name":"Hotel Akquaaa","description":"","publisher":{"@id":"https:\/\/akquaaa.com\/#organization"},"potentialAction":[{"@type":"SearchAction","target":{"@type":"EntryPoint","urlTemplate":"https:\/\/akquaaa.com\/?s={search_term_string}"},"query-input":{"@type":"PropertyValueSpecification","valueRequired":true,"valueName":"search_term_string"}}],"inLanguage":"ca"},{"@type":"Organization","@id":"https:\/\/akquaaa.com\/#organization","name":"Hotel Akquaaa","url":"https:\/\/akquaaa.com\/","logo":{"@type":"ImageObject","inLanguage":"ca","@id":"https:\/\/akquaaa.com\/#\/schema\/logo\/image\/","url":"https:\/\/akquaaa.com\/wp-content\/uploads\/2025\/01\/LOHO-HOTEL-NEGRO.png","contentUrl":"https:\/\/akquaaa.com\/wp-content\/uploads\/2025\/01\/LOHO-HOTEL-NEGRO.png","width":4000,"height":1016,"caption":"Hotel Akquaaa"},"image":{"@id":"https:\/\/akquaaa.com\/#\/schema\/logo\/image\/"}},{"@type":"Person","@id":"https:\/\/akquaaa.com\/#\/schema\/person\/d1930c8d132da3fe4b19d595060faab2","name":"admin","image":{"@type":"ImageObject","inLanguage":"ca","@id":"https:\/\/secure.gravatar.com\/avatar\/39b6f2bee72abd847a5feb3bf46900a793f8042f2a0e49b4c2749e2438d46e16?s=96&d=mm&r=g","url":"https:\/\/secure.gravatar.com\/avatar\/39b6f2bee72abd847a5feb3bf46900a793f8042f2a0e49b4c2749e2438d46e16?s=96&d=mm&r=g","contentUrl":"https:\/\/secure.gravatar.com\/avatar\/39b6f2bee72abd847a5feb3bf46900a793f8042f2a0e49b4c2749e2438d46e16?s=96&d=mm&r=g","caption":"admin"},"sameAs":["http:\/\/akquaaa.com"],"url":"https:\/\/akquaaa.com\/ca\/author\/marta\/"}]}},"_links":{"self":[{"href":"https:\/\/akquaaa.com\/ca\/wp-json\/wp\/v2\/posts\/4355","targetHints":{"allow":["GET"]}}],"collection":[{"href":"https:\/\/akquaaa.com\/ca\/wp-json\/wp\/v2\/posts"}],"about":[{"href":"https:\/\/akquaaa.com\/ca\/wp-json\/wp\/v2\/types\/post"}],"author":[{"embeddable":true,"href":"https:\/\/akquaaa.com\/ca\/wp-json\/wp\/v2\/users\/1"}],"replies":[{"embeddable":true,"href":"https:\/\/akquaaa.com\/ca\/wp-json\/wp\/v2\/comments?post=4355"}],"version-history":[{"count":0,"href":"https:\/\/akquaaa.com\/ca\/wp-json\/wp\/v2\/posts\/4355\/revisions"}],"wp:featuredmedia":[{"embeddable":true,"href":"https:\/\/akquaaa.com\/ca\/wp-json\/wp\/v2\/media\/4311"}],"wp:attachment":[{"href":"https:\/\/akquaaa.com\/ca\/wp-json\/wp\/v2\/media?parent=4355"}],"wp:term":[{"taxonomy":"category","embeddable":true,"href":"https:\/\/akquaaa.com\/ca\/wp-json\/wp\/v2\/categories?post=4355"},{"taxonomy":"post_tag","embeddable":true,"href":"https:\/\/akquaaa.com\/ca\/wp-json\/wp\/v2\/tags?post=4355"}],"curies":[{"name":"wp","href":"https:\/\/api.w.org\/{rel}","templated":true}]}}